{"id":6813,"date":"2025-06-26T15:03:16","date_gmt":"2025-06-26T13:03:16","guid":{"rendered":"https:\/\/taxusreels.com\/?p=6813"},"modified":"2025-06-26T15:03:16","modified_gmt":"2025-06-26T13:03:16","slug":"plaga-de-cucarachas-en-verano-causas-riesgos-y-como-evitarla","status":"publish","type":"post","link":"https:\/\/taxusreels.com\/ca\/plaga-de-cucarachas-en-verano-causas-riesgos-y-como-evitarla\/","title":{"rendered":"Plaga de cucarachas en verano: causas, riesgos y c\u00f3mo evitarla"},"content":{"rendered":"<p>Llega el verano y ya eres feliz. Buen tiempo, m\u00e1s horas de luz y planes al aire libre. Pero no todo es tan bonito: las <a href=\"https:\/\/taxus-reels-a.c.wetopi.com\/vectores-y-plagas-como-erradicarlos\/\" target=\"_blank\" rel=\"noreferrer noopener\">plagas<\/a> aumentan. Y entre todas, hay una que destaca por su resistencia, capacidad de adaptaci\u00f3n y, por qu\u00e9 no decirlo, su desagradable presencia: <strong>la plaga de cucarachas.<\/strong><\/p>\n\n\n\n<p>Estos insectos aprovechan el calor, la humedad y los peque\u00f1os huecos que hay por nuestra casa para instalarse ah\u00ed mismo. Tu cocina, tu ba\u00f1o o tu trastero es el lugar perfecto para <strong>reproducirse y expandirse con rapidez.<\/strong> Por eso, saber c\u00f3mo <strong>prevenir, detectar y actuar<\/strong> ante una plaga de cucarachas puede marcar la diferencia entre un verano tranquilo y una aut\u00e9ntica pesadilla. No nos escondamos, a nadie le gusta tener cucarachas en casa.<\/p>\n\n\n\n<p>La aparici\u00f3n de una plaga de cucarachas en verano <strong>no es algo casual.<\/strong> Hay <strong>tres factores principales <\/strong>que explican por qu\u00e9 esta estaci\u00f3n es su momento preferido para aparecer.<\/p>\n\n\n\n<p>En primer lugar, <strong>las temperaturas elevadas aceleran su ciclo de vida.<\/strong> A partir de los 28\u202f\u00b0C, las cucarachas se reproducen a un ritmo mucho m\u00e1s r\u00e1pido. Esto significa m\u00e1s huevos, m\u00e1s cr\u00edas y, por lo tanto, un aumento exponencial de la poblaci\u00f3n si no se interviene a tiempo.<\/p>\n\n\n\n<p>La segunda causa clave es <strong>la humedad. <\/strong>Goteras, condensaciones, fugas en grifos o una mala ventilaci\u00f3n son elementos que generan el ambiente h\u00famedo que necesitan para sobrevivir. Por eso es tan com\u00fan encontrarlas en ba\u00f1os y cocinas, donde las condiciones son favorables para ellas.<\/p>\n\n\n\n<p>Y, por \u00faltimo, pero no menos importante,<strong> el cambio clim\u00e1tico<\/strong> tambi\u00e9n tiene su parte de culpa. Los veranos cada vez m\u00e1s largos, calurosos y lluviosos proporcionan el entorno perfecto para la proliferaci\u00f3n de <a href=\"https:\/\/taxus-reels-a.c.wetopi.com\/como-deshacerte-de-los-molestos-insectos-en-tu-domicilio\/\" target=\"_blank\" rel=\"noreferrer noopener\">insectos<\/a> como las cucarachas. Los periodos de lluvias intensas hacen que salgan de los sistemas de alcantarillado y busquen refugio en las casas.<\/p>\n\n\n\n<h2 class=\"wp-block-heading\">Riesgos para la salud y el entorno<\/h2>\n\n\n\n<p>Aunque muchas personas consideran que una plaga de cucarachas es algo molesto o poco higi\u00e9nico, <strong>lo cierto es que los riesgos que conllevan van mucho m\u00e1s all\u00e1.<\/strong><\/p>\n\n\n\n<p>Las cucarachas pueden portar una <strong>gran cantidad de bacterias y microorganismos pat\u00f3genos.<\/strong> Entre los m\u00e1s comunes se encuentran <strong>la Salmonella y la Escherichia coli<\/strong>, causantes de enfermedades gastrointestinales. Estas bacterias se transmiten por contacto directo o indirecto, a trav\u00e9s de sus patas, excrementos o secreciones, que contaminan alimentos, utensilios y superficies de uso habitual.<\/p>\n\n\n\n<p>Adem\u00e1s, las part\u00edculas que desprenden pueden<strong> desencadenar alergias, problemas respiratorios o agravar casos de asm<\/strong>a, sobre todo en personas sensibles o en ambientes cerrados y con poca ventilaci\u00f3n. Adem\u00e1s, por si fuera poco, tambi\u00e9n pueden <strong>da\u00f1ar el material<\/strong> como libros, papeles, ropa almacenada o incluso el aislamiento de aparatos el\u00e9ctricos. En el caso de comercios o negocios de alimentaci\u00f3n, la presencia de cucarachas acaba siendo problema reputacional y, en los peores casos, llevar a sanciones administrativas.<\/p>\n\n\n\n<div style=\"height:20px\" aria-hidden=\"true\" class=\"wp-block-spacer\"><\/div>\n\n\n\n<figure class=\"wp-block-image aligncenter size-large\"><img fetchpriority=\"high\" decoding=\"async\" width=\"1024\" height=\"683\" src=\"https:\/\/taxus-reels-a.c.wetopi.com\/wp-content\/uploads\/2025\/06\/Plaga-de-cucarachas-en-verano-causas-riesgos-y-como-evitarla-1024x683.jpg\" alt=\"Plaga de cucarachas en verano causas, riesgos y c\u00f3mo evitarla\" class=\"wp-image-6814\" srcset=\"https:\/\/taxusreels.com\/wp-content\/uploads\/2025\/06\/Plaga-de-cucarachas-en-verano-causas-riesgos-y-como-evitarla-1024x683.jpg 1024w, https:\/\/taxusreels.com\/wp-content\/uploads\/2025\/06\/Plaga-de-cucarachas-en-verano-causas-riesgos-y-como-evitarla-300x200.jpg 300w, https:\/\/taxusreels.com\/wp-content\/uploads\/2025\/06\/Plaga-de-cucarachas-en-verano-causas-riesgos-y-como-evitarla-768x513.jpg 768w, https:\/\/taxusreels.com\/wp-content\/uploads\/2025\/06\/Plaga-de-cucarachas-en-verano-causas-riesgos-y-como-evitarla-18x12.jpg 18w, https:\/\/taxusreels.com\/wp-content\/uploads\/2025\/06\/Plaga-de-cucarachas-en-verano-causas-riesgos-y-como-evitarla.jpg 1500w\" sizes=\"(max-width: 1024px) 100vw, 1024px\" \/><\/figure>\n\n\n\n<div style=\"height:20px\" aria-hidden=\"true\" class=\"wp-block-spacer\"><\/div>\n\n\n\n<h2 class=\"wp-block-heading\">C\u00f3mo evitar una plaga de cucarachas<\/h2>\n\n\n\n<p>Pero hay una buena noticia: prevenir una plaga de cucarachas es posible. Si, requiere <strong>constancia, observaci\u00f3n y, en muchos casos, ayuda profesional.<\/strong><\/p>\n\n\n\n<p>El primer paso para evitar que aparezcan es <strong>mantener una buena limpieza.<\/strong> Cualquier resto de comida, migas o bebidas azucaradas son ideales para atraer a las cucarachas. Por eso, es fundamental limpiar con frecuencia las encimeras, los suelos y tirar la basura todos los d\u00edas. Guardar los alimentos en recipientes herm\u00e9ticos y no dejar platos sucios por la noche puede parecer un peque\u00f1o gesto, pero es muy efectivo.<\/p>\n\n\n\n<p>Otra medida clave es<strong> revisar y sellar todas las posibles v\u00edas de entrada. <\/strong>Las cucarachas pueden colarse por grietas enanas, juntas mal selladas, conductos o rendijas en puertas y ventanas. Utilizar masilla, silicona o burletes en estos puntos es lo ideal.<\/p>\n\n\n\n<p>El control de <strong>la humedad tambi\u00e9n juega un papel determinante.<\/strong> Un ambiente seco dificulta que vivan. Por eso, es importante reparar fugas, usar ventiladores o deshumidificadores y mantener secos los rincones donde suele acumularse el vapor o el agua.<\/p>\n\n\n\n<p>Y si a pesar de todo detectas indicios de que est\u00e1n entrando o de que pueden entrar, es hora de actuar con m\u00e1s contundencia. Los <strong><a href=\"https:\/\/taxus-reels-a.c.wetopi.com\/servicios\/biocidas\/\" target=\"_blank\" rel=\"noreferrer noopener\">biocides<\/a> y trampas espec\u00edficas<\/strong>, como cebos en gel o trampas adhesivas, pueden ser \u00fatiles. Pero su eficacia real depende de su correcta colocaci\u00f3n, dosificaci\u00f3n y seguimiento.<\/p>\n\n\n\n<h2 class=\"wp-block-heading\">Mejor prevenir que lamentar<\/h2>\n\n\n\n<p>Una plaga de cucarachas en verano puede parecer algo inevitable, pero no lo es. Actuar desde la prevenci\u00f3n, mantener buenos h\u00e1bitos de limpieza y controlar las condiciones del entorno puede marcar la diferencia.<\/p>\n\n\n\n<p>Si detectas indicios de cucarachas o quieres asegurarte de que tu hogar o negocio est\u00e1 protegido, <strong>echa un vistazo a <a href=\"https:\/\/taxus-reels-a.c.wetopi.com\/servicios\/\" target=\"_blank\" rel=\"noreferrer noopener\">nuestros servicios<\/a>.<\/strong> <strong> \u00bfQuieres una soluci\u00f3n eficaz, segura y duradera? En <a href=\"https:\/\/taxus-reels-a.c.wetopi.com\/\" target=\"_blank\" rel=\"noreferrer noopener\">Taxus &amp; Reels<\/a> la tenemos.<\/strong> Recuerda que proteger tu espacio m\u00e1s que una cuesti\u00f3n de comodidad, es una cuesti\u00f3n de salud.<\/p>","protected":false},"excerpt":{"rendered":"<p>Llega el verano y ya eres feliz. Buen tiempo, m\u00e1s horas de luz y planes al aire libre. Pero no todo es tan bonito: las plagas aumentan. Y entre todas, hay una que destaca por su resistencia, capacidad de adaptaci\u00f3n y, por qu\u00e9 no decirlo, su desagradable presencia: la plaga de cucarachas. Estos insectos aprovechan [&hellip;]<\/p>\n","protected":false},"author":26,"featured_media":6816,"comment_status":"open","ping_status":"open","sticky":false,"template":"","format":"standard","meta":{"_monsterinsights_skip_tracking":false,"_monsterinsights_sitenote_active":false,"_monsterinsights_sitenote_note":"","_monsterinsights_sitenote_category":0,"footnotes":""},"categories":[1],"tags":[],"class_list":["post-6813","post","type-post","status-publish","format-standard","has-post-thumbnail","hentry","category-blog-general"],"yoast_head":"<!-- This site is optimized with the Yoast SEO plugin v27.4 - https:\/\/yoast.com\/product\/yoast-seo-wordpress\/ -->\n<title>Plaga de cucarachas en verano: causas, riesgos y c\u00f3mo evitarla<\/title>\n<meta name=\"description\" content=\"Llega el verano y con \u00e9l, las plagas. Entre todas hay una que destaca por su resistencia: la plaga de cucarachas.\" \/>\n<meta name=\"robots\" content=\"index, follow, max-snippet:-1, max-image-preview:large, max-video-preview:-1\" \/>\n<link rel=\"canonical\" href=\"https:\/\/taxusreels.com\/ca\/plaga-de-cucarachas-en-verano-causas-riesgos-y-como-evitarla\/\" \/>\n<meta property=\"og:locale\" content=\"ca_ES\" \/>\n<meta property=\"og:type\" content=\"article\" \/>\n<meta property=\"og:title\" content=\"Plaga de cucarachas en verano: causas, riesgos y c\u00f3mo evitarla\" \/>\n<meta property=\"og:description\" content=\"Llega el verano y con \u00e9l, las plagas. Entre todas hay una que destaca por su resistencia: la plaga de cucarachas.\" \/>\n<meta property=\"og:url\" content=\"https:\/\/taxusreels.com\/ca\/plaga-de-cucarachas-en-verano-causas-riesgos-y-como-evitarla\/\" \/>\n<meta property=\"og:site_name\" content=\"Taxus&amp;Reels\" \/>\n<meta property=\"article:published_time\" content=\"2025-06-26T13:03:16+00:00\" \/>\n<meta property=\"og:image\" content=\"https:\/\/taxusreels.com\/wp-content\/uploads\/2025\/06\/plaga-de-cucarachas.jpg\" \/>\n\t<meta property=\"og:image:width\" content=\"1500\" \/>\n\t<meta property=\"og:image:height\" content=\"1001\" \/>\n\t<meta property=\"og:image:type\" content=\"image\/jpeg\" \/>\n<meta name=\"author\" content=\"Paula Parra\" \/>\n<meta name=\"twitter:card\" content=\"summary_large_image\" \/>\n<meta name=\"twitter:label1\" content=\"Escrit per\" \/>\n\t<meta name=\"twitter:data1\" content=\"Paula Parra\" \/>\n\t<meta name=\"twitter:label2\" content=\"Temps estimat de lectura\" \/>\n\t<meta name=\"twitter:data2\" content=\"4 minuts\" \/>\n<script type=\"application\/ld+json\" class=\"yoast-schema-graph\">{\"@context\":\"https:\\\/\\\/schema.org\",\"@graph\":[{\"@type\":\"Article\",\"@id\":\"https:\\\/\\\/taxusreels.com\\\/plaga-de-cucarachas-en-verano-causas-riesgos-y-como-evitarla\\\/#article\",\"isPartOf\":{\"@id\":\"https:\\\/\\\/taxusreels.com\\\/plaga-de-cucarachas-en-verano-causas-riesgos-y-como-evitarla\\\/\"},\"author\":{\"name\":\"Paula Parra\",\"@id\":\"https:\\\/\\\/taxusreels.com\\\/#\\\/schema\\\/person\\\/02eb18efd084da16c958e52b9d04d362\"},\"headline\":\"Plaga de cucarachas en verano: causas, riesgos y c\u00f3mo evitarla\",\"datePublished\":\"2025-06-26T13:03:16+00:00\",\"mainEntityOfPage\":{\"@id\":\"https:\\\/\\\/taxusreels.com\\\/plaga-de-cucarachas-en-verano-causas-riesgos-y-como-evitarla\\\/\"},\"wordCount\":845,\"commentCount\":0,\"publisher\":{\"@id\":\"https:\\\/\\\/taxusreels.com\\\/#organization\"},\"image\":{\"@id\":\"https:\\\/\\\/taxusreels.com\\\/plaga-de-cucarachas-en-verano-causas-riesgos-y-como-evitarla\\\/#primaryimage\"},\"thumbnailUrl\":\"https:\\\/\\\/taxusreels.com\\\/wp-content\\\/uploads\\\/2025\\\/06\\\/plaga-de-cucarachas.jpg\",\"articleSection\":[\"General\"],\"inLanguage\":\"ca\",\"potentialAction\":[{\"@type\":\"CommentAction\",\"name\":\"Comment\",\"target\":[\"https:\\\/\\\/taxusreels.com\\\/plaga-de-cucarachas-en-verano-causas-riesgos-y-como-evitarla\\\/#respond\"]}]},{\"@type\":\"WebPage\",\"@id\":\"https:\\\/\\\/taxusreels.com\\\/plaga-de-cucarachas-en-verano-causas-riesgos-y-como-evitarla\\\/\",\"url\":\"https:\\\/\\\/taxusreels.com\\\/plaga-de-cucarachas-en-verano-causas-riesgos-y-como-evitarla\\\/\",\"name\":\"Plaga de cucarachas en verano: causas, riesgos y c\u00f3mo evitarla\",\"isPartOf\":{\"@id\":\"https:\\\/\\\/taxusreels.com\\\/#website\"},\"primaryImageOfPage\":{\"@id\":\"https:\\\/\\\/taxusreels.com\\\/plaga-de-cucarachas-en-verano-causas-riesgos-y-como-evitarla\\\/#primaryimage\"},\"image\":{\"@id\":\"https:\\\/\\\/taxusreels.com\\\/plaga-de-cucarachas-en-verano-causas-riesgos-y-como-evitarla\\\/#primaryimage\"},\"thumbnailUrl\":\"https:\\\/\\\/taxusreels.com\\\/wp-content\\\/uploads\\\/2025\\\/06\\\/plaga-de-cucarachas.jpg\",\"datePublished\":\"2025-06-26T13:03:16+00:00\",\"description\":\"Llega el verano y con \u00e9l, las plagas. Entre todas hay una que destaca por su resistencia: la plaga de cucarachas.\",\"breadcrumb\":{\"@id\":\"https:\\\/\\\/taxusreels.com\\\/plaga-de-cucarachas-en-verano-causas-riesgos-y-como-evitarla\\\/#breadcrumb\"},\"inLanguage\":\"ca\",\"potentialAction\":[{\"@type\":\"ReadAction\",\"target\":[\"https:\\\/\\\/taxusreels.com\\\/plaga-de-cucarachas-en-verano-causas-riesgos-y-como-evitarla\\\/\"]}]},{\"@type\":\"ImageObject\",\"inLanguage\":\"ca\",\"@id\":\"https:\\\/\\\/taxusreels.com\\\/plaga-de-cucarachas-en-verano-causas-riesgos-y-como-evitarla\\\/#primaryimage\",\"url\":\"https:\\\/\\\/taxusreels.com\\\/wp-content\\\/uploads\\\/2025\\\/06\\\/plaga-de-cucarachas.jpg\",\"contentUrl\":\"https:\\\/\\\/taxusreels.com\\\/wp-content\\\/uploads\\\/2025\\\/06\\\/plaga-de-cucarachas.jpg\",\"width\":1500,\"height\":1001,\"caption\":\"Plaga de cucarachas en verano causas, riesgos y c\u00f3mo evitarla\"},{\"@type\":\"BreadcrumbList\",\"@id\":\"https:\\\/\\\/taxusreels.com\\\/plaga-de-cucarachas-en-verano-causas-riesgos-y-como-evitarla\\\/#breadcrumb\",\"itemListElement\":[{\"@type\":\"ListItem\",\"position\":1,\"name\":\"Portada\",\"item\":\"https:\\\/\\\/taxusreels.com\\\/\"},{\"@type\":\"ListItem\",\"position\":2,\"name\":\"Plaga de cucarachas en verano: causas, riesgos y c\u00f3mo evitarla\"}]},{\"@type\":\"WebSite\",\"@id\":\"https:\\\/\\\/taxusreels.com\\\/#website\",\"url\":\"https:\\\/\\\/taxusreels.com\\\/\",\"name\":\"Taxus&amp;Reels\",\"description\":\"Bioseguridad, desinfecci\u00f3n y control de plagas\",\"publisher\":{\"@id\":\"https:\\\/\\\/taxusreels.com\\\/#organization\"},\"potentialAction\":[{\"@type\":\"SearchAction\",\"target\":{\"@type\":\"EntryPoint\",\"urlTemplate\":\"https:\\\/\\\/taxusreels.com\\\/?s={search_term_string}\"},\"query-input\":{\"@type\":\"PropertyValueSpecification\",\"valueRequired\":true,\"valueName\":\"search_term_string\"}}],\"inLanguage\":\"ca\"},{\"@type\":\"Organization\",\"@id\":\"https:\\\/\\\/taxusreels.com\\\/#organization\",\"name\":\"Taxus&Reels\",\"url\":\"https:\\\/\\\/taxusreels.com\\\/\",\"logo\":{\"@type\":\"ImageObject\",\"inLanguage\":\"ca\",\"@id\":\"https:\\\/\\\/taxusreels.com\\\/#\\\/schema\\\/logo\\\/image\\\/\",\"url\":\"https:\\\/\\\/taxus-reels-a.c.wetopi.com\\\/wp-content\\\/uploads\\\/2022\\\/03\\\/logo_taxusreels_250x220.png\",\"contentUrl\":\"https:\\\/\\\/taxus-reels-a.c.wetopi.com\\\/wp-content\\\/uploads\\\/2022\\\/03\\\/logo_taxusreels_250x220.png\",\"width\":250,\"height\":220,\"caption\":\"Taxus&Reels\"},\"image\":{\"@id\":\"https:\\\/\\\/taxusreels.com\\\/#\\\/schema\\\/logo\\\/image\\\/\"}},{\"@type\":\"Person\",\"@id\":\"https:\\\/\\\/taxusreels.com\\\/#\\\/schema\\\/person\\\/02eb18efd084da16c958e52b9d04d362\",\"name\":\"Paula Parra\",\"image\":{\"@type\":\"ImageObject\",\"inLanguage\":\"ca\",\"@id\":\"https:\\\/\\\/secure.gravatar.com\\\/avatar\\\/d750943bde6aeb8223961b6a7f23afc8ef260499aa2167f23d15b7bdb81408f9?s=96&d=mm&r=g\",\"url\":\"https:\\\/\\\/secure.gravatar.com\\\/avatar\\\/d750943bde6aeb8223961b6a7f23afc8ef260499aa2167f23d15b7bdb81408f9?s=96&d=mm&r=g\",\"contentUrl\":\"https:\\\/\\\/secure.gravatar.com\\\/avatar\\\/d750943bde6aeb8223961b6a7f23afc8ef260499aa2167f23d15b7bdb81408f9?s=96&d=mm&r=g\",\"caption\":\"Paula Parra\"},\"url\":\"https:\\\/\\\/taxusreels.com\\\/ca\\\/author\\\/paulap\\\/\"}]}<\/script>\n<!-- \/ Yoast SEO plugin. -->","yoast_head_json":{"title":"Plaga de cucarachas en verano: causas, riesgos y c\u00f3mo evitarla","description":"Llega el verano y con \u00e9l, las plagas. Entre todas hay una que destaca por su resistencia: la plaga de cucarachas.","robots":{"index":"index","follow":"follow","max-snippet":"max-snippet:-1","max-image-preview":"max-image-preview:large","max-video-preview":"max-video-preview:-1"},"canonical":"https:\/\/taxusreels.com\/ca\/plaga-de-cucarachas-en-verano-causas-riesgos-y-como-evitarla\/","og_locale":"ca_ES","og_type":"article","og_title":"Plaga de cucarachas en verano: causas, riesgos y c\u00f3mo evitarla","og_description":"Llega el verano y con \u00e9l, las plagas. Entre todas hay una que destaca por su resistencia: la plaga de cucarachas.","og_url":"https:\/\/taxusreels.com\/ca\/plaga-de-cucarachas-en-verano-causas-riesgos-y-como-evitarla\/","og_site_name":"Taxus&amp;Reels","article_published_time":"2025-06-26T13:03:16+00:00","og_image":[{"width":1500,"height":1001,"url":"https:\/\/taxusreels.com\/wp-content\/uploads\/2025\/06\/plaga-de-cucarachas.jpg","type":"image\/jpeg"}],"author":"Paula Parra","twitter_card":"summary_large_image","twitter_misc":{"Escrit per":"Paula Parra","Temps estimat de lectura":"4 minuts"},"schema":{"@context":"https:\/\/schema.org","@graph":[{"@type":"Article","@id":"https:\/\/taxusreels.com\/plaga-de-cucarachas-en-verano-causas-riesgos-y-como-evitarla\/#article","isPartOf":{"@id":"https:\/\/taxusreels.com\/plaga-de-cucarachas-en-verano-causas-riesgos-y-como-evitarla\/"},"author":{"name":"Paula Parra","@id":"https:\/\/taxusreels.com\/#\/schema\/person\/02eb18efd084da16c958e52b9d04d362"},"headline":"Plaga de cucarachas en verano: causas, riesgos y c\u00f3mo evitarla","datePublished":"2025-06-26T13:03:16+00:00","mainEntityOfPage":{"@id":"https:\/\/taxusreels.com\/plaga-de-cucarachas-en-verano-causas-riesgos-y-como-evitarla\/"},"wordCount":845,"commentCount":0,"publisher":{"@id":"https:\/\/taxusreels.com\/#organization"},"image":{"@id":"https:\/\/taxusreels.com\/plaga-de-cucarachas-en-verano-causas-riesgos-y-como-evitarla\/#primaryimage"},"thumbnailUrl":"https:\/\/taxusreels.com\/wp-content\/uploads\/2025\/06\/plaga-de-cucarachas.jpg","articleSection":["General"],"inLanguage":"ca","potentialAction":[{"@type":"CommentAction","name":"Comment","target":["https:\/\/taxusreels.com\/plaga-de-cucarachas-en-verano-causas-riesgos-y-como-evitarla\/#respond"]}]},{"@type":"WebPage","@id":"https:\/\/taxusreels.com\/plaga-de-cucarachas-en-verano-causas-riesgos-y-como-evitarla\/","url":"https:\/\/taxusreels.com\/plaga-de-cucarachas-en-verano-causas-riesgos-y-como-evitarla\/","name":"Plaga de cucarachas en verano: causas, riesgos y c\u00f3mo evitarla","isPartOf":{"@id":"https:\/\/taxusreels.com\/#website"},"primaryImageOfPage":{"@id":"https:\/\/taxusreels.com\/plaga-de-cucarachas-en-verano-causas-riesgos-y-como-evitarla\/#primaryimage"},"image":{"@id":"https:\/\/taxusreels.com\/plaga-de-cucarachas-en-verano-causas-riesgos-y-como-evitarla\/#primaryimage"},"thumbnailUrl":"https:\/\/taxusreels.com\/wp-content\/uploads\/2025\/06\/plaga-de-cucarachas.jpg","datePublished":"2025-06-26T13:03:16+00:00","description":"Llega el verano y con \u00e9l, las plagas. Entre todas hay una que destaca por su resistencia: la plaga de cucarachas.","breadcrumb":{"@id":"https:\/\/taxusreels.com\/plaga-de-cucarachas-en-verano-causas-riesgos-y-como-evitarla\/#breadcrumb"},"inLanguage":"ca","potentialAction":[{"@type":"ReadAction","target":["https:\/\/taxusreels.com\/plaga-de-cucarachas-en-verano-causas-riesgos-y-como-evitarla\/"]}]},{"@type":"ImageObject","inLanguage":"ca","@id":"https:\/\/taxusreels.com\/plaga-de-cucarachas-en-verano-causas-riesgos-y-como-evitarla\/#primaryimage","url":"https:\/\/taxusreels.com\/wp-content\/uploads\/2025\/06\/plaga-de-cucarachas.jpg","contentUrl":"https:\/\/taxusreels.com\/wp-content\/uploads\/2025\/06\/plaga-de-cucarachas.jpg","width":1500,"height":1001,"caption":"Plaga de cucarachas en verano causas, riesgos y c\u00f3mo evitarla"},{"@type":"BreadcrumbList","@id":"https:\/\/taxusreels.com\/plaga-de-cucarachas-en-verano-causas-riesgos-y-como-evitarla\/#breadcrumb","itemListElement":[{"@type":"ListItem","position":1,"name":"Portada","item":"https:\/\/taxusreels.com\/"},{"@type":"ListItem","position":2,"name":"Plaga de cucarachas en verano: causas, riesgos y c\u00f3mo evitarla"}]},{"@type":"WebSite","@id":"https:\/\/taxusreels.com\/#website","url":"https:\/\/taxusreels.com\/","name":"Taxus&amp;Reels","description":"Bioseguretat, desinfecci\u00f3 i control de plagues","publisher":{"@id":"https:\/\/taxusreels.com\/#organization"},"potentialAction":[{"@type":"SearchAction","target":{"@type":"EntryPoint","urlTemplate":"https:\/\/taxusreels.com\/?s={search_term_string}"},"query-input":{"@type":"PropertyValueSpecification","valueRequired":true,"valueName":"search_term_string"}}],"inLanguage":"ca"},{"@type":"Organization","@id":"https:\/\/taxusreels.com\/#organization","name":"Taxus&amp;Reels","url":"https:\/\/taxusreels.com\/","logo":{"@type":"ImageObject","inLanguage":"ca","@id":"https:\/\/taxusreels.com\/#\/schema\/logo\/image\/","url":"https:\/\/taxus-reels-a.c.wetopi.com\/wp-content\/uploads\/2022\/03\/logo_taxusreels_250x220.png","contentUrl":"https:\/\/taxus-reels-a.c.wetopi.com\/wp-content\/uploads\/2022\/03\/logo_taxusreels_250x220.png","width":250,"height":220,"caption":"Taxus&Reels"},"image":{"@id":"https:\/\/taxusreels.com\/#\/schema\/logo\/image\/"}},{"@type":"Person","@id":"https:\/\/taxusreels.com\/#\/schema\/person\/02eb18efd084da16c958e52b9d04d362","name":"Paula Parra","image":{"@type":"ImageObject","inLanguage":"ca","@id":"https:\/\/secure.gravatar.com\/avatar\/d750943bde6aeb8223961b6a7f23afc8ef260499aa2167f23d15b7bdb81408f9?s=96&d=mm&r=g","url":"https:\/\/secure.gravatar.com\/avatar\/d750943bde6aeb8223961b6a7f23afc8ef260499aa2167f23d15b7bdb81408f9?s=96&d=mm&r=g","contentUrl":"https:\/\/secure.gravatar.com\/avatar\/d750943bde6aeb8223961b6a7f23afc8ef260499aa2167f23d15b7bdb81408f9?s=96&d=mm&r=g","caption":"Paula Parra"},"url":"https:\/\/taxusreels.com\/ca\/author\/paulap\/"}]}},"_links":{"self":[{"href":"https:\/\/taxusreels.com\/ca\/wp-json\/wp\/v2\/posts\/6813","targetHints":{"allow":["GET"]}}],"collection":[{"href":"https:\/\/taxusreels.com\/ca\/wp-json\/wp\/v2\/posts"}],"about":[{"href":"https:\/\/taxusreels.com\/ca\/wp-json\/wp\/v2\/types\/post"}],"author":[{"embeddable":true,"href":"https:\/\/taxusreels.com\/ca\/wp-json\/wp\/v2\/users\/26"}],"replies":[{"embeddable":true,"href":"https:\/\/taxusreels.com\/ca\/wp-json\/wp\/v2\/comments?post=6813"}],"version-history":[{"count":1,"href":"https:\/\/taxusreels.com\/ca\/wp-json\/wp\/v2\/posts\/6813\/revisions"}],"predecessor-version":[{"id":6817,"href":"https:\/\/taxusreels.com\/ca\/wp-json\/wp\/v2\/posts\/6813\/revisions\/6817"}],"wp:featuredmedia":[{"embeddable":true,"href":"https:\/\/taxusreels.com\/ca\/wp-json\/wp\/v2\/media\/6816"}],"wp:attachment":[{"href":"https:\/\/taxusreels.com\/ca\/wp-json\/wp\/v2\/media?parent=6813"}],"wp:term":[{"taxonomy":"category","embeddable":true,"href":"https:\/\/taxusreels.com\/ca\/wp-json\/wp\/v2\/categories?post=6813"},{"taxonomy":"post_tag","embeddable":true,"href":"https:\/\/taxusreels.com\/ca\/wp-json\/wp\/v2\/tags?post=6813"}],"curies":[{"name":"wp","href":"https:\/\/api.w.org\/{rel}","templated":true}]}}