{"id":6332,"date":"2022-07-25T14:08:12","date_gmt":"2022-07-25T12:08:12","guid":{"rendered":"https:\/\/taxusreels.com\/?p=6332"},"modified":"2022-07-25T14:08:13","modified_gmt":"2022-07-25T12:08:13","slug":"los-riesgos-de-las-plagas-en-la-industria-textil","status":"publish","type":"post","link":"https:\/\/taxusreels.com\/ca\/los-riesgos-de-las-plagas-en-la-industria-textil\/","title":{"rendered":"Els riscos de les plagues a la ind\u00fastria t\u00e8xtil"},"content":{"rendered":"<p>\u00c9s molt com\u00fa, sobretot en els mesos de calor, <strong>veure alguna arna <\/strong>que es cola a la nit a les cases, seguint la llum. I \u00e9s que aquesta \u00e9s una de les grans plagues que hi ha a la ind\u00fastria t\u00e8xtil, per\u00f2 no l&#039;\u00fanica. Hi ha for\u00e7a riscos en aquest tipus de convidats indesitjats que s&#039;alimenten d&#039;algunes teles i materials de fabricaci\u00f3 de roba i altres productes. <strong>Avui us comptem els riscos de les plagues de la ind\u00fastria t\u00e8xtil i com prevenir-les correctament. <\/strong><\/p>\n\n\n\n<h2 class=\"wp-block-heading\">Els riscos de les plagues de la ind\u00fastria t\u00e8xtil i quines mesures prendre <\/h2>\n\n\n\n<p>Parlarem de <strong>diferents insectes <\/strong>que poden atacar diversos materials o teixits i els diferents perills que poden tenir dins la ind\u00fastria t\u00e8xtil. I \u00e9s que les plagues no es troben nom\u00e9s a les llars, com parlem anteriorment com els t\u00e8rmits o corcs. Si no, que tamb\u00e9 hi ha insectes que s&#039;alimenten de diferents tipus <strong>de prote\u00efna de la roba <\/strong>o els teixits. Com les que parlarem a continuaci\u00f3. <\/p>\n\n\n\n<h3 class=\"wp-block-heading\">Arna comuna de les pells, la pitjor de les plagues a la ind\u00fastria t\u00e8xtil<\/h3>\n\n\n\n<p>Aquest insecte<strong> s&#039;alimenta dels teixits naturals<\/strong> com la pell natural o la llana. Les peces fetes de teixit sint\u00e8tic no seran atacades per aquestes arnes, tret que tinguin taques d&#039;oli o aliments, cosa que pot atraure aquests insectes. <\/p>\n\n\n\n<h3 class=\"wp-block-heading\">Polilla portaestoig dels robers o armaris<\/h3>\n\n\n\n<p>Aquesta arna s&#039;amaga als robers, armaris, sabaters\u2026 i pot fer <strong>forats de mida considerable<\/strong> en diferents teixits. S&#039;alimenta de <strong>tota mena de teixits.<\/strong> <\/p>\n\n\n\n<h3 class=\"wp-block-heading\">Arna blanca i negra de tapisseries <\/h3>\n\n\n\n<p>\u00c9s la m\u00e9s gran quant a mida f\u00edsica de les <strong>arnes <\/strong>de les que parlem. S&#039;alimenta de pells gruixudes, com les que s&#039;utilitzen a <strong>els entapissats <\/strong>de sof\u00e0s i mobles, nius d&#039;algunes aus o crinera de cavall. Solen ser atretes per<strong> ambients i racons foscos<\/strong> i humits. <\/p>\n\n\n\n<h3 class=\"wp-block-heading\">Escarabat dels museus <\/h3>\n\n\n\n<p>Aquest tipus d&#039;escarabat \u00e9s una esp\u00e8cie que pot volar i <strong>s&#039;alimenta,<\/strong> a m\u00e9s del n\u00e8ctar de les flors, d&#039;aliments com<strong> el cot\u00f3<\/strong>, els cabells, la pell natural i les plomes. Solen trobar-se en s\u00f2ls no gaire higi\u00e8nics, amb humitat, brut\u00edcia i borrissols. <\/p>\n\n\n\n<h3 class=\"wp-block-heading\">Escarabat de les catifes<\/h3>\n\n\n\n<p>Aquests insectes s\u00f3n peluts i poden volar tamb\u00e9, <strong>s&#039;alimenten del cot\u00f3<\/strong> i poden arribar a fer veritables destrosses a les catifes d&#039;aquest material. Els atrau la llum i estan distribu\u00efts per diversos llocs del m\u00f3n. <\/p>\n\n\n\n<figure class=\"wp-block-image aligncenter size-large\"><img fetchpriority=\"high\" decoding=\"async\" width=\"1024\" height=\"683\" src=\"https:\/\/taxus-reels-a.c.wetopi.com\/wp-content\/uploads\/2022\/07\/plagas-en-la-industria-textil-2-1024x683.jpg\" alt=\"els perills de les plagues en ind\u00fastria t\u00e8xtil\" class=\"wp-image-6336\" srcset=\"https:\/\/taxusreels.com\/wp-content\/uploads\/2022\/07\/plagas-en-la-industria-textil-2-1024x683.jpg 1024w, https:\/\/taxusreels.com\/wp-content\/uploads\/2022\/07\/plagas-en-la-industria-textil-2-300x200.jpg 300w, https:\/\/taxusreels.com\/wp-content\/uploads\/2022\/07\/plagas-en-la-industria-textil-2-768x512.jpg 768w, https:\/\/taxusreels.com\/wp-content\/uploads\/2022\/07\/plagas-en-la-industria-textil-2-1536x1024.jpg 1536w, https:\/\/taxusreels.com\/wp-content\/uploads\/2022\/07\/plagas-en-la-industria-textil-2-18x12.jpg 18w, https:\/\/taxusreels.com\/wp-content\/uploads\/2022\/07\/plagas-en-la-industria-textil-2.jpg 1920w\" sizes=\"(max-width: 1024px) 100vw, 1024px\" \/><\/figure>\n\n\n\n<h2 class=\"wp-block-heading\">Identificar i prevenir les plagues a la ind\u00fastria t\u00e8xtil <\/h2>\n\n\n\n<p>Ja sigui dins de la ind\u00fastria t\u00e8xtil o en altres \u00e0mbits, hi ha certes pistes que podem detectar per saber que ens estem <strong>enfrontant a una plaga.<\/strong> Si ens passa a la llar podem tenir en compte <strong><a href=\"https:\/\/taxus-reels-a.c.wetopi.com\/como-deshacerte-de-los-molestos-insectos-en-tu-domicilio\/\">com desfer-nos dels molestos insectes al nostre domicili<\/a><\/strong>, per\u00f2 en el cas concret daquesta ind\u00fastria, aquestes s\u00f3n algunes de les claus. <\/p>\n\n\n\n<h3 class=\"wp-block-heading\">Aparici\u00f3 de larves a llocs foscos <\/h3>\n\n\n\n<p>Seran <strong>dif\u00edcils de veure,<\/strong> per\u00f2 si <strong>inspeccionem <\/strong>b\u00e9 perqu\u00e8 tenim sospites, millor fer una bona neteja per si de cas.<\/p>\n\n\n\n<h3 class=\"wp-block-heading\">Ous d&#039;insecte, agrupats i amagats <\/h3>\n\n\n\n<p>Si les larves eren <strong>complicades de localitzar, <\/strong>els ous, molt m\u00e9s. Per aix\u00f2, si sospitem de tenir una plaga a l&#039;\u00e0mbit t\u00e8xtil, millor comptar amb ajuda de <strong><a href=\"https:\/\/taxus-reels-a.c.wetopi.com\/\" target=\"_blank\" rel=\"noreferrer noopener\">professionals del sector<\/a><\/strong> que puguin fer una exploraci\u00f3 i neteja exhaustiva amb biocides especialitzats. <\/p>\n\n\n\n<h3 class=\"wp-block-heading\">Excrements o mudes de pells antigues<\/h3>\n\n\n\n<p>Si en trobem alguna cosa, que <strong>ser\u00e0 el m\u00e9s f\u00e0cil de visualitzar <\/strong>a primera vista, sens dubte hem de trucar a un professional per fer un tractament complet a l&#039;establiment abans que la plaga s&#039;expandeixi. <\/p>\n\n\n\n<h2 class=\"wp-block-heading\">Actuar contra les plagues a la ind\u00fastria t\u00e8xtil i prevenir l&#039;aparici\u00f3 de plagues noves <\/h2>\n\n\n\n<p>A <strong><a href=\"https:\/\/taxus-reels-a.c.wetopi.com\/nosotros\/\" target=\"_blank\" rel=\"noreferrer noopener\">Taxus&amp;Reels<\/a><\/strong> som experts en tota mena de plagues i desinfecci\u00f3 d&#039;espais, per la qual cosa si detectes algun tipus de plaga a la ind\u00fastria que sigui, pots <strong><a href=\"https:\/\/taxus-reels-a.c.wetopi.com\/contacto\/\" target=\"_blank\" rel=\"noreferrer noopener\">contactar amb nosaltres.<\/a><\/strong>  D&#039;aquesta manera podrem anar a <strong>avaluar la situaci\u00f3<\/strong>i elaborar un diagn\u00f2stic de la mateixa, aportant el<strong> <a href=\"https:\/\/taxus-reels-a.c.wetopi.com\/servicios\/equipos\/\" target=\"_blank\" rel=\"noreferrer noopener\">equip<\/a><\/strong> m\u00e9s adequat per acabar amb la<strong> plaga existent. <\/strong><\/p>\n\n\n\n<p>Tamb\u00e9 t&#039;ajudarem amb<strong> formaci\u00f3 espec\u00edfica<\/strong> per prevenir futures plagues que puguin apar\u00e8ixer, de manera que <strong>allargarem la neteja i desinfecci\u00f3<\/strong> al m\u00e0xim. <\/p>","protected":false},"excerpt":{"rendered":"<p>Es muy com\u00fan, sobre todo en los meses de calor, ver alguna polilla que se cuela por la noche en las casas, siguiendo la luz. Y es que esta es una de las grandes plagas que hay en la industria textil, pero no la \u00fanica. Hay bastantes riesgos en este tipo de invitados indeseados que [&hellip;]<\/p>\n","protected":false},"author":3,"featured_media":6337,"comment_status":"open","ping_status":"open","sticky":false,"template":"","format":"standard","meta":{"_monsterinsights_skip_tracking":false,"_monsterinsights_sitenote_active":false,"_monsterinsights_sitenote_note":"","_monsterinsights_sitenote_category":0,"footnotes":""},"categories":[12,13],"tags":[24,23,30,22,20,26],"class_list":["post-6332","post","type-post","status-publish","format-standard","has-post-thumbnail","hentry","category-blog-biocidas","category-blog-servicios","tag-bioseguridad","tag-desinfeccion","tag-industria-textil","tag-parasitos","tag-plagas","tag-proteccion"],"yoast_head":"<!-- This site is optimized with the Yoast SEO plugin v27.4 - https:\/\/yoast.com\/product\/yoast-seo-wordpress\/ -->\n<title>Los riesgos de las plagas en la industria textil<\/title>\n<meta name=\"description\" content=\"Hoy os contamos c\u00f3mo detectar las plagas en la industria textil y qu\u00e9 riesgos asociados pueden tener. Tambi\u00e9n c\u00f3mo hacerles frente.\" \/>\n<meta name=\"robots\" content=\"index, follow, max-snippet:-1, max-image-preview:large, max-video-preview:-1\" \/>\n<link rel=\"canonical\" href=\"https:\/\/taxusreels.com\/ca\/los-riesgos-de-las-plagas-en-la-industria-textil\/\" \/>\n<meta property=\"og:locale\" content=\"ca_ES\" \/>\n<meta property=\"og:type\" content=\"article\" \/>\n<meta property=\"og:title\" content=\"Los riesgos de las plagas en la industria textil\" \/>\n<meta property=\"og:description\" content=\"Hoy os contamos c\u00f3mo detectar las plagas en la industria textil y qu\u00e9 riesgos asociados pueden tener. Tambi\u00e9n c\u00f3mo hacerles frente.\" \/>\n<meta property=\"og:url\" content=\"https:\/\/taxusreels.com\/ca\/los-riesgos-de-las-plagas-en-la-industria-textil\/\" \/>\n<meta property=\"og:site_name\" content=\"Taxus&amp;Reels\" \/>\n<meta property=\"article:published_time\" content=\"2022-07-25T12:08:12+00:00\" \/>\n<meta property=\"article:modified_time\" content=\"2022-07-25T12:08:13+00:00\" \/>\n<meta property=\"og:image\" content=\"https:\/\/taxusreels.com\/wp-content\/uploads\/2022\/07\/plagas-en-la-industria-textil-1.jpg\" \/>\n\t<meta property=\"og:image:width\" content=\"1280\" \/>\n\t<meta property=\"og:image:height\" content=\"752\" \/>\n\t<meta property=\"og:image:type\" content=\"image\/jpeg\" \/>\n<meta name=\"author\" content=\"Paula San Jos\u00e9\" \/>\n<meta name=\"twitter:card\" content=\"summary_large_image\" \/>\n<meta name=\"twitter:label1\" content=\"Escrit per\" \/>\n\t<meta name=\"twitter:data1\" content=\"Paula San Jos\u00e9\" \/>\n\t<meta name=\"twitter:label2\" content=\"Temps estimat de lectura\" \/>\n\t<meta name=\"twitter:data2\" content=\"4 minuts\" \/>\n<script type=\"application\/ld+json\" class=\"yoast-schema-graph\">{\"@context\":\"https:\\\/\\\/schema.org\",\"@graph\":[{\"@type\":\"Article\",\"@id\":\"https:\\\/\\\/taxusreels.com\\\/los-riesgos-de-las-plagas-en-la-industria-textil\\\/#article\",\"isPartOf\":{\"@id\":\"https:\\\/\\\/taxusreels.com\\\/los-riesgos-de-las-plagas-en-la-industria-textil\\\/\"},\"author\":{\"name\":\"Paula San Jos\u00e9\",\"@id\":\"https:\\\/\\\/taxusreels.com\\\/#\\\/schema\\\/person\\\/837ff7243a4fba68185a5858b2fe9321\"},\"headline\":\"Los riesgos de las plagas en la industria textil\",\"datePublished\":\"2022-07-25T12:08:12+00:00\",\"dateModified\":\"2022-07-25T12:08:13+00:00\",\"mainEntityOfPage\":{\"@id\":\"https:\\\/\\\/taxusreels.com\\\/los-riesgos-de-las-plagas-en-la-industria-textil\\\/\"},\"wordCount\":742,\"commentCount\":0,\"publisher\":{\"@id\":\"https:\\\/\\\/taxusreels.com\\\/#organization\"},\"image\":{\"@id\":\"https:\\\/\\\/taxusreels.com\\\/los-riesgos-de-las-plagas-en-la-industria-textil\\\/#primaryimage\"},\"thumbnailUrl\":\"https:\\\/\\\/taxusreels.com\\\/wp-content\\\/uploads\\\/2022\\\/07\\\/plagas-en-la-industria-textil-1.jpg\",\"keywords\":[\"bioseguridad\",\"desinfeccion\",\"industria textil\",\"parasitos\",\"plagas\",\"protecci\u00f3n\"],\"articleSection\":[\"Biocidas\",\"Servicios\"],\"inLanguage\":\"ca\",\"potentialAction\":[{\"@type\":\"CommentAction\",\"name\":\"Comment\",\"target\":[\"https:\\\/\\\/taxusreels.com\\\/los-riesgos-de-las-plagas-en-la-industria-textil\\\/#respond\"]}]},{\"@type\":\"WebPage\",\"@id\":\"https:\\\/\\\/taxusreels.com\\\/los-riesgos-de-las-plagas-en-la-industria-textil\\\/\",\"url\":\"https:\\\/\\\/taxusreels.com\\\/los-riesgos-de-las-plagas-en-la-industria-textil\\\/\",\"name\":\"Los riesgos de las plagas en la industria textil\",\"isPartOf\":{\"@id\":\"https:\\\/\\\/taxusreels.com\\\/#website\"},\"primaryImageOfPage\":{\"@id\":\"https:\\\/\\\/taxusreels.com\\\/los-riesgos-de-las-plagas-en-la-industria-textil\\\/#primaryimage\"},\"image\":{\"@id\":\"https:\\\/\\\/taxusreels.com\\\/los-riesgos-de-las-plagas-en-la-industria-textil\\\/#primaryimage\"},\"thumbnailUrl\":\"https:\\\/\\\/taxusreels.com\\\/wp-content\\\/uploads\\\/2022\\\/07\\\/plagas-en-la-industria-textil-1.jpg\",\"datePublished\":\"2022-07-25T12:08:12+00:00\",\"dateModified\":\"2022-07-25T12:08:13+00:00\",\"description\":\"Hoy os contamos c\u00f3mo detectar las plagas en la industria textil y qu\u00e9 riesgos asociados pueden tener. Tambi\u00e9n c\u00f3mo hacerles frente.\",\"breadcrumb\":{\"@id\":\"https:\\\/\\\/taxusreels.com\\\/los-riesgos-de-las-plagas-en-la-industria-textil\\\/#breadcrumb\"},\"inLanguage\":\"ca\",\"potentialAction\":[{\"@type\":\"ReadAction\",\"target\":[\"https:\\\/\\\/taxusreels.com\\\/los-riesgos-de-las-plagas-en-la-industria-textil\\\/\"]}]},{\"@type\":\"ImageObject\",\"inLanguage\":\"ca\",\"@id\":\"https:\\\/\\\/taxusreels.com\\\/los-riesgos-de-las-plagas-en-la-industria-textil\\\/#primaryimage\",\"url\":\"https:\\\/\\\/taxusreels.com\\\/wp-content\\\/uploads\\\/2022\\\/07\\\/plagas-en-la-industria-textil-1.jpg\",\"contentUrl\":\"https:\\\/\\\/taxusreels.com\\\/wp-content\\\/uploads\\\/2022\\\/07\\\/plagas-en-la-industria-textil-1.jpg\",\"width\":1280,\"height\":752,\"caption\":\"plagas en la industria textil\"},{\"@type\":\"BreadcrumbList\",\"@id\":\"https:\\\/\\\/taxusreels.com\\\/los-riesgos-de-las-plagas-en-la-industria-textil\\\/#breadcrumb\",\"itemListElement\":[{\"@type\":\"ListItem\",\"position\":1,\"name\":\"Portada\",\"item\":\"https:\\\/\\\/taxusreels.com\\\/\"},{\"@type\":\"ListItem\",\"position\":2,\"name\":\"Los riesgos de las plagas en la industria textil\"}]},{\"@type\":\"WebSite\",\"@id\":\"https:\\\/\\\/taxusreels.com\\\/#website\",\"url\":\"https:\\\/\\\/taxusreels.com\\\/\",\"name\":\"Taxus&amp;Reels\",\"description\":\"Bioseguridad, desinfecci\u00f3n y control de plagas\",\"publisher\":{\"@id\":\"https:\\\/\\\/taxusreels.com\\\/#organization\"},\"potentialAction\":[{\"@type\":\"SearchAction\",\"target\":{\"@type\":\"EntryPoint\",\"urlTemplate\":\"https:\\\/\\\/taxusreels.com\\\/?s={search_term_string}\"},\"query-input\":{\"@type\":\"PropertyValueSpecification\",\"valueRequired\":true,\"valueName\":\"search_term_string\"}}],\"inLanguage\":\"ca\"},{\"@type\":\"Organization\",\"@id\":\"https:\\\/\\\/taxusreels.com\\\/#organization\",\"name\":\"Taxus&Reels\",\"url\":\"https:\\\/\\\/taxusreels.com\\\/\",\"logo\":{\"@type\":\"ImageObject\",\"inLanguage\":\"ca\",\"@id\":\"https:\\\/\\\/taxusreels.com\\\/#\\\/schema\\\/logo\\\/image\\\/\",\"url\":\"https:\\\/\\\/taxus-reels-a.c.wetopi.com\\\/wp-content\\\/uploads\\\/2022\\\/03\\\/logo_taxusreels_250x220.png\",\"contentUrl\":\"https:\\\/\\\/taxus-reels-a.c.wetopi.com\\\/wp-content\\\/uploads\\\/2022\\\/03\\\/logo_taxusreels_250x220.png\",\"width\":250,\"height\":220,\"caption\":\"Taxus&Reels\"},\"image\":{\"@id\":\"https:\\\/\\\/taxusreels.com\\\/#\\\/schema\\\/logo\\\/image\\\/\"}},{\"@type\":\"Person\",\"@id\":\"https:\\\/\\\/taxusreels.com\\\/#\\\/schema\\\/person\\\/837ff7243a4fba68185a5858b2fe9321\",\"name\":\"Paula San Jos\u00e9\",\"image\":{\"@type\":\"ImageObject\",\"inLanguage\":\"ca\",\"@id\":\"https:\\\/\\\/secure.gravatar.com\\\/avatar\\\/6fb22984d2f91a3d5bbda89142dbde79ff9ab947492fef59e038189fdab23520?s=96&d=mm&r=g\",\"url\":\"https:\\\/\\\/secure.gravatar.com\\\/avatar\\\/6fb22984d2f91a3d5bbda89142dbde79ff9ab947492fef59e038189fdab23520?s=96&d=mm&r=g\",\"contentUrl\":\"https:\\\/\\\/secure.gravatar.com\\\/avatar\\\/6fb22984d2f91a3d5bbda89142dbde79ff9ab947492fef59e038189fdab23520?s=96&d=mm&r=g\",\"caption\":\"Paula San Jos\u00e9\"},\"url\":\"https:\\\/\\\/taxusreels.com\\\/ca\\\/author\\\/paulas\\\/\"}]}<\/script>\n<!-- \/ Yoast SEO plugin. -->","yoast_head_json":{"title":"Els riscos de les plagues a la ind\u00fastria t\u00e8xtil","description":"Avui us expliquem com detectar les plagues a la ind\u00fastria t\u00e8xtil i quins riscos associats poden tenir. Tamb\u00e9 com fer-los front.","robots":{"index":"index","follow":"follow","max-snippet":"max-snippet:-1","max-image-preview":"max-image-preview:large","max-video-preview":"max-video-preview:-1"},"canonical":"https:\/\/taxusreels.com\/ca\/los-riesgos-de-las-plagas-en-la-industria-textil\/","og_locale":"ca_ES","og_type":"article","og_title":"Los riesgos de las plagas en la industria textil","og_description":"Hoy os contamos c\u00f3mo detectar las plagas en la industria textil y qu\u00e9 riesgos asociados pueden tener. Tambi\u00e9n c\u00f3mo hacerles frente.","og_url":"https:\/\/taxusreels.com\/ca\/los-riesgos-de-las-plagas-en-la-industria-textil\/","og_site_name":"Taxus&amp;Reels","article_published_time":"2022-07-25T12:08:12+00:00","article_modified_time":"2022-07-25T12:08:13+00:00","og_image":[{"width":1280,"height":752,"url":"https:\/\/taxusreels.com\/wp-content\/uploads\/2022\/07\/plagas-en-la-industria-textil-1.jpg","type":"image\/jpeg"}],"author":"Paula San Jos\u00e9","twitter_card":"summary_large_image","twitter_misc":{"Escrit per":"Paula San Jos\u00e9","Temps estimat de lectura":"4 minuts"},"schema":{"@context":"https:\/\/schema.org","@graph":[{"@type":"Article","@id":"https:\/\/taxusreels.com\/los-riesgos-de-las-plagas-en-la-industria-textil\/#article","isPartOf":{"@id":"https:\/\/taxusreels.com\/los-riesgos-de-las-plagas-en-la-industria-textil\/"},"author":{"name":"Paula San Jos\u00e9","@id":"https:\/\/taxusreels.com\/#\/schema\/person\/837ff7243a4fba68185a5858b2fe9321"},"headline":"Los riesgos de las plagas en la industria textil","datePublished":"2022-07-25T12:08:12+00:00","dateModified":"2022-07-25T12:08:13+00:00","mainEntityOfPage":{"@id":"https:\/\/taxusreels.com\/los-riesgos-de-las-plagas-en-la-industria-textil\/"},"wordCount":742,"commentCount":0,"publisher":{"@id":"https:\/\/taxusreels.com\/#organization"},"image":{"@id":"https:\/\/taxusreels.com\/los-riesgos-de-las-plagas-en-la-industria-textil\/#primaryimage"},"thumbnailUrl":"https:\/\/taxusreels.com\/wp-content\/uploads\/2022\/07\/plagas-en-la-industria-textil-1.jpg","keywords":["bioseguridad","desinfeccion","industria textil","parasitos","plagas","protecci\u00f3n"],"articleSection":["Biocidas","Servicios"],"inLanguage":"ca","potentialAction":[{"@type":"CommentAction","name":"Comment","target":["https:\/\/taxusreels.com\/los-riesgos-de-las-plagas-en-la-industria-textil\/#respond"]}]},{"@type":"WebPage","@id":"https:\/\/taxusreels.com\/los-riesgos-de-las-plagas-en-la-industria-textil\/","url":"https:\/\/taxusreels.com\/los-riesgos-de-las-plagas-en-la-industria-textil\/","name":"Els riscos de les plagues a la ind\u00fastria t\u00e8xtil","isPartOf":{"@id":"https:\/\/taxusreels.com\/#website"},"primaryImageOfPage":{"@id":"https:\/\/taxusreels.com\/los-riesgos-de-las-plagas-en-la-industria-textil\/#primaryimage"},"image":{"@id":"https:\/\/taxusreels.com\/los-riesgos-de-las-plagas-en-la-industria-textil\/#primaryimage"},"thumbnailUrl":"https:\/\/taxusreels.com\/wp-content\/uploads\/2022\/07\/plagas-en-la-industria-textil-1.jpg","datePublished":"2022-07-25T12:08:12+00:00","dateModified":"2022-07-25T12:08:13+00:00","description":"Avui us expliquem com detectar les plagues a la ind\u00fastria t\u00e8xtil i quins riscos associats poden tenir. Tamb\u00e9 com fer-los front.","breadcrumb":{"@id":"https:\/\/taxusreels.com\/los-riesgos-de-las-plagas-en-la-industria-textil\/#breadcrumb"},"inLanguage":"ca","potentialAction":[{"@type":"ReadAction","target":["https:\/\/taxusreels.com\/los-riesgos-de-las-plagas-en-la-industria-textil\/"]}]},{"@type":"ImageObject","inLanguage":"ca","@id":"https:\/\/taxusreels.com\/los-riesgos-de-las-plagas-en-la-industria-textil\/#primaryimage","url":"https:\/\/taxusreels.com\/wp-content\/uploads\/2022\/07\/plagas-en-la-industria-textil-1.jpg","contentUrl":"https:\/\/taxusreels.com\/wp-content\/uploads\/2022\/07\/plagas-en-la-industria-textil-1.jpg","width":1280,"height":752,"caption":"plagas en la industria textil"},{"@type":"BreadcrumbList","@id":"https:\/\/taxusreels.com\/los-riesgos-de-las-plagas-en-la-industria-textil\/#breadcrumb","itemListElement":[{"@type":"ListItem","position":1,"name":"Portada","item":"https:\/\/taxusreels.com\/"},{"@type":"ListItem","position":2,"name":"Los riesgos de las plagas en la industria textil"}]},{"@type":"WebSite","@id":"https:\/\/taxusreels.com\/#website","url":"https:\/\/taxusreels.com\/","name":"Taxus&amp;Reels","description":"Bioseguretat, desinfecci\u00f3 i control de plagues","publisher":{"@id":"https:\/\/taxusreels.com\/#organization"},"potentialAction":[{"@type":"SearchAction","target":{"@type":"EntryPoint","urlTemplate":"https:\/\/taxusreels.com\/?s={search_term_string}"},"query-input":{"@type":"PropertyValueSpecification","valueRequired":true,"valueName":"search_term_string"}}],"inLanguage":"ca"},{"@type":"Organization","@id":"https:\/\/taxusreels.com\/#organization","name":"Taxus&amp;Reels","url":"https:\/\/taxusreels.com\/","logo":{"@type":"ImageObject","inLanguage":"ca","@id":"https:\/\/taxusreels.com\/#\/schema\/logo\/image\/","url":"https:\/\/taxus-reels-a.c.wetopi.com\/wp-content\/uploads\/2022\/03\/logo_taxusreels_250x220.png","contentUrl":"https:\/\/taxus-reels-a.c.wetopi.com\/wp-content\/uploads\/2022\/03\/logo_taxusreels_250x220.png","width":250,"height":220,"caption":"Taxus&Reels"},"image":{"@id":"https:\/\/taxusreels.com\/#\/schema\/logo\/image\/"}},{"@type":"Person","@id":"https:\/\/taxusreels.com\/#\/schema\/person\/837ff7243a4fba68185a5858b2fe9321","name":"Paula San Jos\u00e9","image":{"@type":"ImageObject","inLanguage":"ca","@id":"https:\/\/secure.gravatar.com\/avatar\/6fb22984d2f91a3d5bbda89142dbde79ff9ab947492fef59e038189fdab23520?s=96&d=mm&r=g","url":"https:\/\/secure.gravatar.com\/avatar\/6fb22984d2f91a3d5bbda89142dbde79ff9ab947492fef59e038189fdab23520?s=96&d=mm&r=g","contentUrl":"https:\/\/secure.gravatar.com\/avatar\/6fb22984d2f91a3d5bbda89142dbde79ff9ab947492fef59e038189fdab23520?s=96&d=mm&r=g","caption":"Paula San Jos\u00e9"},"url":"https:\/\/taxusreels.com\/ca\/author\/paulas\/"}]}},"_links":{"self":[{"href":"https:\/\/taxusreels.com\/ca\/wp-json\/wp\/v2\/posts\/6332","targetHints":{"allow":["GET"]}}],"collection":[{"href":"https:\/\/taxusreels.com\/ca\/wp-json\/wp\/v2\/posts"}],"about":[{"href":"https:\/\/taxusreels.com\/ca\/wp-json\/wp\/v2\/types\/post"}],"author":[{"embeddable":true,"href":"https:\/\/taxusreels.com\/ca\/wp-json\/wp\/v2\/users\/3"}],"replies":[{"embeddable":true,"href":"https:\/\/taxusreels.com\/ca\/wp-json\/wp\/v2\/comments?post=6332"}],"version-history":[{"count":3,"href":"https:\/\/taxusreels.com\/ca\/wp-json\/wp\/v2\/posts\/6332\/revisions"}],"predecessor-version":[{"id":6340,"href":"https:\/\/taxusreels.com\/ca\/wp-json\/wp\/v2\/posts\/6332\/revisions\/6340"}],"wp:featuredmedia":[{"embeddable":true,"href":"https:\/\/taxusreels.com\/ca\/wp-json\/wp\/v2\/media\/6337"}],"wp:attachment":[{"href":"https:\/\/taxusreels.com\/ca\/wp-json\/wp\/v2\/media?parent=6332"}],"wp:term":[{"taxonomy":"category","embeddable":true,"href":"https:\/\/taxusreels.com\/ca\/wp-json\/wp\/v2\/categories?post=6332"},{"taxonomy":"post_tag","embeddable":true,"href":"https:\/\/taxusreels.com\/ca\/wp-json\/wp\/v2\/tags?post=6332"}],"curies":[{"name":"wp","href":"https:\/\/api.w.org\/{rel}","templated":true}]}}